{"id":476,"date":"2012-08-28T16:27:18","date_gmt":"2012-08-28T14:27:18","guid":{"rendered":"https:\/\/www.estefaniadelacasa.de\/?p=476"},"modified":"2016-03-06T19:56:34","modified_gmt":"2016-03-06T18:56:34","slug":"estefanias-urlaubstipps-teil-1-ostsee","status":"publish","type":"post","link":"https:\/\/www.estefaniadelacasa.de\/?p=476","title":{"rendered":"Estefanias Urlaubstipps Teil 1 &#8211; Ostsee"},"content":{"rendered":"<p><a href=\"https:\/\/www.estefaniadelacasa.de\/wp-content\/uploads\/Strandmehrkontrast.jpg\"><img loading=\"lazy\" decoding=\"async\" class=\"alignleft size-large wp-image-489\" style=\"margin: 4px 0px; border: 0px none;\" title=\"Warnem\u00fcnde\" src=\"https:\/\/www.estefaniadelacasa.de\/wp-content\/uploads\/Strandmehrkontrast-1024x768.jpg\" alt=\"Blick vom Strand zur Westmole\" width=\"640\" height=\"480\" srcset=\"https:\/\/www.estefaniadelacasa.de\/wp-content\/uploads\/Strandmehrkontrast-1024x768.jpg 1024w, https:\/\/www.estefaniadelacasa.de\/wp-content\/uploads\/Strandmehrkontrast-300x225.jpg 300w, https:\/\/www.estefaniadelacasa.de\/wp-content\/uploads\/Strandmehrkontrast-160x120.jpg 160w\" sizes=\"auto, (max-width: 640px) 100vw, 640px\" \/><\/a>Jedes Jahr stehen Millionen von Menschen wieder vor der Frage wohin es dieses Mal in den Urlaub gehen soll. Neben einigen exotischen Zielen wie Bali, Koh Samui, dem Amazonas oder Timbuktu, zieht es die Massen doch meist an t\u00fcrkische, spanische, tunesische, bulgarische oder andere ferne Str\u00e4nde. Doch warum jedes Jahr durch einen Flug in fremde L\u00e4nder den CO2- Aussto\u00df in die H\u00f6he treiben, wenn es doch in heimischen Gefilden attraktive und abwechslungsreiche Strandlandschaften zu entdecken gibt.<\/p>\n<p style=\"text-align: justify;\">So beispielsweise die Ostsee. Eines meiner Lieblingsziele an der Ostsee ist Warnem\u00fcnde, n\u00f6rdlich von Rostock. Es hat selbst einiges zu bieten, eignet <a href=\"https:\/\/www.estefaniadelacasa.de\/wp-content\/uploads\/Leuchtturm-satter.jpg\"><img loading=\"lazy\" decoding=\"async\" class=\"wp-image-493 alignright\" title=\"Leuchtturm\" src=\"https:\/\/www.estefaniadelacasa.de\/wp-content\/uploads\/Leuchtturm-satter-300x225.jpg\" alt=\"30 Meter hoher Leuchtturm\" width=\"216\" height=\"162\" srcset=\"https:\/\/www.estefaniadelacasa.de\/wp-content\/uploads\/Leuchtturm-satter-300x225.jpg 300w, https:\/\/www.estefaniadelacasa.de\/wp-content\/uploads\/Leuchtturm-satter-1024x768.jpg 1024w, https:\/\/www.estefaniadelacasa.de\/wp-content\/uploads\/Leuchtturm-satter-160x120.jpg 160w\" sizes=\"auto, (max-width: 216px) 100vw, 216px\" \/><\/a>sich aber auch hervorragend als Ausgangspunkt f\u00fcr erlebnisreiche Ausfl\u00fcge in der Gegend. Zu empfehlen ist auf jeden Fall ein abendlicher Spaziergang am Alten Strom mit seiner Vielzahl an Lokalen, kleinen Gesch\u00e4ften, Fahrgastschiffen und Fischkuttern. Ein wundersch\u00f6ner alter und 30 Meter hoher Leuchtturm ist eine Art Wahrzeichen des Ortes.\u00a0 Die sogenannte Westmole ist der gef\u00fchlt n\u00f6rdlichste Aussichtspunkt in Warnem\u00fcnde und eignet sich hervorragend um das Meer <a href=\"https:\/\/www.estefaniadelacasa.de\/wp-content\/uploads\/IMG_3615.jpg\"><img loading=\"lazy\" decoding=\"async\" class=\"alignleft wp-image-501\" title=\"Leuchtbake\" src=\"https:\/\/www.estefaniadelacasa.de\/wp-content\/uploads\/IMG_3615-300x225.jpg\" alt=\"gr\u00fcn-wei\u00dfe Leuchtbake\" width=\"189\" height=\"142\" srcset=\"https:\/\/www.estefaniadelacasa.de\/wp-content\/uploads\/IMG_3615-300x225.jpg 300w, https:\/\/www.estefaniadelacasa.de\/wp-content\/uploads\/IMG_3615-1024x768.jpg 1024w, https:\/\/www.estefaniadelacasa.de\/wp-content\/uploads\/IMG_3615-160x120.jpg 160w\" sizes=\"auto, (max-width: 189px) 100vw, 189px\" \/><\/a>und den regen Schiffsverkehr zu beobachten. Am Ende der 530 Meter langen Mole befindet sich die markante gr\u00fcn-wei\u00dfe Leuchtbake. Diese ist auch vom Warnem\u00fcnder Strand aus gut zu sehen. Es ist ein \u00fcber 100 Meter breiter feiner Sandstrand, der im Sommer zum Baden, in den k\u00fchleren Jahreszeiten zum Spazieren einl\u00e4dt. Die frische Meeresbrise, das ferne Kreischen der M\u00f6wen, die im Sand einsinkenden F\u00fc\u00dfe\u2026Entspannung und Gl\u00fccksseligkeit.<\/p>\n<p>&nbsp;<\/p>\n<p><a href=\"https:\/\/www.estefaniadelacasa.de\/wp-content\/uploads\/IMG_3819.jpg\"><img loading=\"lazy\" decoding=\"async\" class=\"alignright wp-image-508\" title=\"Wale\" src=\"https:\/\/www.estefaniadelacasa.de\/wp-content\/uploads\/IMG_3819-768x1024.jpg\" alt=\"schwebende Wale\" width=\"384\" height=\"512\" srcset=\"https:\/\/www.estefaniadelacasa.de\/wp-content\/uploads\/IMG_3819-768x1024.jpg 768w, https:\/\/www.estefaniadelacasa.de\/wp-content\/uploads\/IMG_3819-225x300.jpg 225w\" sizes=\"auto, (max-width: 384px) 100vw, 384px\" \/><\/a><\/p>\n<p style=\"text-align: justify;\">Es lohnt definitiv ein Ausflug ins circa 80 km entfernte Stralsund, um dort das Ozeaneum zu besuchen. Es erhielt den Titel Europas Museum des Jahres 2010 und begeistert Jung und Alt mit seiner faszinierenden Unterwasserwelt. Es bietet dem Besucher eine europaweit einzigartige Reise durch die Unterwasserwelt der n\u00f6rdlichen Meere.\u00a0 Atemberaubend wirkt der Anblick von scheinbar durch den Raum schwebenden Walen in Originalgr\u00f6\u00dfe.\u00a0 Das gr\u00f6\u00dfte Exponat weist eine L\u00e4nge von 26 Metern auf.\u00a0<a href=\"https:\/\/www.estefaniadelacasa.de\/wp-content\/uploads\/IMG_3808.jpg\"><img loading=\"lazy\" decoding=\"async\" class=\"wp-image-507 alignleft\" style=\"margin: 8px 0px;\" title=\"Aquarium\" src=\"https:\/\/www.estefaniadelacasa.de\/wp-content\/uploads\/IMG_3808-300x225.jpg\" alt=\"\" width=\"189\" height=\"142\" srcset=\"https:\/\/www.estefaniadelacasa.de\/wp-content\/uploads\/IMG_3808-300x225.jpg 300w, https:\/\/www.estefaniadelacasa.de\/wp-content\/uploads\/IMG_3808-1024x768.jpg 1024w, https:\/\/www.estefaniadelacasa.de\/wp-content\/uploads\/IMG_3808-160x120.jpg 160w\" sizes=\"auto, (max-width: 189px) 100vw, 189px\" \/><\/a><\/p>\n<p>&nbsp;<\/p>\n<p>&nbsp;<\/p>\n<p>&nbsp;<\/p>\n<p>&nbsp;<\/p>\n<p>&nbsp;<\/p>\n<p>Ein noch auf andere Art sehr au\u00dfergew\u00f6hnliches Erlebnis bietet der Bunker Eichenthal. Er wurde vor einiger Zeit geflutet und ist seit 2006 wieder begehbar. Hier l\u00e4sst sich durch eine beeindruckende, sowie extrem beklemmende Simulation das Szenario eines Atomkriegs nachempfinden. Ein Besuch der definitiv in den K\u00f6pfen nachhallt.<\/p>\n<p>&nbsp;<\/p>\n<p style=\"text-align: justify;\"><a href=\"https:\/\/www.estefaniadelacasa.de\/wp-content\/uploads\/IMG_2874.jpg\"><img loading=\"lazy\" decoding=\"async\" class=\"alignright size-medium wp-image-543\" title=\"B\u00e4ren\" src=\"https:\/\/www.estefaniadelacasa.de\/wp-content\/uploads\/IMG_2874-300x225.jpg\" alt=\"\" width=\"300\" height=\"225\" srcset=\"https:\/\/www.estefaniadelacasa.de\/wp-content\/uploads\/IMG_2874-300x225.jpg 300w, https:\/\/www.estefaniadelacasa.de\/wp-content\/uploads\/IMG_2874-1024x768.jpg 1024w, https:\/\/www.estefaniadelacasa.de\/wp-content\/uploads\/IMG_2874-160x120.jpg 160w\" sizes=\"auto, (max-width: 300px) 100vw, 300px\" \/><\/a><\/p>\n<p style=\"text-align: justify;\">F\u00fcr Tier- und Naturfreunde empfiehlt sich die Fahrt ins 50 km entfernte G\u00fcstrow. Hier kann man die Bewohner der Raubtier-WG, namentlich B\u00e4ren, W\u00f6lfe, Luchse und Wildkatzen beobachten. Au\u00dferdem leben hier Waschb\u00e4ren, Eichh\u00f6rnchen und diverse Vogelarten. Das Eintrittsgeb\u00e4ude ist gleichzeitig Umweltbildungszentrum, welches Gro\u00df und Klein zum Interagieren einl\u00e4dt. Es unterh\u00e4lt auf intelligente Art und Weise und l\u00e4sst den sonst meist passiven Betrachter zum Akteur avancieren.<\/p>\n<p style=\"text-align: justify;\">Eines meiner pers\u00f6nlichen Highlights in Warnem\u00fcnde war definitiv der Besuch des Robben-Forschungszentrums. Es befindet sich im Yachthafen H\u00f6he D\u00fcne. Hier kann man zusehen wie die auf einem ehemaligen Fahrgastschiff beheimateten Robben trainiert und gef\u00fcttert werden. Zus\u00e4tzlich erf\u00e4hrt man durch die dortigen Forscher Details zur Umgangsweise mit den Tieren, deren Lebensweise und den Forschungsarbeiten. Die Robbenstation hat von 10 bis 16 Uhr ge\u00f6ffnet. Ich h\u00e4tte diesen wundervollen Tieren noch viel l\u00e4nger zusehen k\u00f6nnen.<\/p>\n<p><a href=\"https:\/\/www.estefaniadelacasa.de\/wp-content\/uploads\/Robbentauchen.jpg\"><img loading=\"lazy\" decoding=\"async\" class=\"alignnone size-large wp-image-545\" title=\"Robben tauchen auf\" src=\"https:\/\/www.estefaniadelacasa.de\/wp-content\/uploads\/Robbentauchen-1024x768.jpg\" alt=\"\" width=\"640\" height=\"480\" srcset=\"https:\/\/www.estefaniadelacasa.de\/wp-content\/uploads\/Robbentauchen-1024x768.jpg 1024w, https:\/\/www.estefaniadelacasa.de\/wp-content\/uploads\/Robbentauchen-300x225.jpg 300w, https:\/\/www.estefaniadelacasa.de\/wp-content\/uploads\/Robbentauchen-160x120.jpg 160w\" sizes=\"auto, (max-width: 640px) 100vw, 640px\" \/><\/a><\/p>\n<p><a href=\"https:\/\/www.estefaniadelacasa.de\/wp-content\/uploads\/Robbesuhltsich.jpg\"><img loading=\"lazy\" decoding=\"async\" class=\"size-medium wp-image-547 alignright\" title=\"Robbe suhlt sich\" src=\"https:\/\/www.estefaniadelacasa.de\/wp-content\/uploads\/Robbesuhltsich-300x236.jpg\" alt=\"\" width=\"300\" height=\"236\" srcset=\"https:\/\/www.estefaniadelacasa.de\/wp-content\/uploads\/Robbesuhltsich-300x236.jpg 300w, https:\/\/www.estefaniadelacasa.de\/wp-content\/uploads\/Robbesuhltsich-1024x806.jpg 1024w\" sizes=\"auto, (max-width: 300px) 100vw, 300px\" \/><\/a><a href=\"https:\/\/www.estefaniadelacasa.de\/wp-content\/uploads\/RobbeimBoot.jpg\"><img loading=\"lazy\" decoding=\"async\" class=\"alignnone size-medium wp-image-546\" title=\"Robbe im Boot\" src=\"https:\/\/www.estefaniadelacasa.de\/wp-content\/uploads\/RobbeimBoot-289x300.jpg\" alt=\"\" width=\"289\" height=\"300\" srcset=\"https:\/\/www.estefaniadelacasa.de\/wp-content\/uploads\/RobbeimBoot-289x300.jpg 289w, https:\/\/www.estefaniadelacasa.de\/wp-content\/uploads\/RobbeimBoot-989x1024.jpg 989w, https:\/\/www.estefaniadelacasa.de\/wp-content\/uploads\/RobbeimBoot.jpg 1719w\" sizes=\"auto, (max-width: 289px) 100vw, 289px\" \/><\/a><\/p>\n","protected":false},"excerpt":{"rendered":"<p>Jedes Jahr stehen Millionen von Menschen wieder vor der Frage wohin es dieses Mal in den Urlaub gehen soll. Neben einigen exotischen Zielen wie Bali, Koh Samui, dem Amazonas oder Timbuktu, zieht es die Massen doch meist an t\u00fcrkische, spanische, tunesische, bulgarische oder andere ferne Str\u00e4nde. Doch warum jedes Jahr durch einen Flug in fremde [&hellip;]<\/p>\n","protected":false},"author":1,"featured_media":0,"comment_status":"open","ping_status":"open","sticky":false,"template":"","format":"standard","meta":{"footnotes":""},"categories":[12],"tags":[77,80,81,95,78],"class_list":["post-476","post","type-post","status-publish","format-standard","hentry","category-reisen","tag-ostsee","tag-ozeaneum","tag-robben","tag-stralsund","tag-warnemunde"],"_links":{"self":[{"href":"https:\/\/www.estefaniadelacasa.de\/index.php?rest_route=\/wp\/v2\/posts\/476","targetHints":{"allow":["GET"]}}],"collection":[{"href":"https:\/\/www.estefaniadelacasa.de\/index.php?rest_route=\/wp\/v2\/posts"}],"about":[{"href":"https:\/\/www.estefaniadelacasa.de\/index.php?rest_route=\/wp\/v2\/types\/post"}],"author":[{"embeddable":true,"href":"https:\/\/www.estefaniadelacasa.de\/index.php?rest_route=\/wp\/v2\/users\/1"}],"replies":[{"embeddable":true,"href":"https:\/\/www.estefaniadelacasa.de\/index.php?rest_route=%2Fwp%2Fv2%2Fcomments&post=476"}],"version-history":[{"count":90,"href":"https:\/\/www.estefaniadelacasa.de\/index.php?rest_route=\/wp\/v2\/posts\/476\/revisions"}],"predecessor-version":[{"id":1165,"href":"https:\/\/www.estefaniadelacasa.de\/index.php?rest_route=\/wp\/v2\/posts\/476\/revisions\/1165"}],"wp:attachment":[{"href":"https:\/\/www.estefaniadelacasa.de\/index.php?rest_route=%2Fwp%2Fv2%2Fmedia&parent=476"}],"wp:term":[{"taxonomy":"category","embeddable":true,"href":"https:\/\/www.estefaniadelacasa.de\/index.php?rest_route=%2Fwp%2Fv2%2Fcategories&post=476"},{"taxonomy":"post_tag","embeddable":true,"href":"https:\/\/www.estefaniadelacasa.de\/index.php?rest_route=%2Fwp%2Fv2%2Ftags&post=476"}],"curies":[{"name":"wp","href":"https:\/\/api.w.org\/{rel}","templated":true}]}}