{"id":315,"date":"2011-07-23T21:17:29","date_gmt":"2011-07-23T19:17:29","guid":{"rendered":"https:\/\/www.estefaniadelacasa.de\/?p=315"},"modified":"2014-06-30T17:14:10","modified_gmt":"2014-06-30T15:14:10","slug":"radioubung-wurde-bittere-wahrheit","status":"publish","type":"post","link":"https:\/\/www.estefaniadelacasa.de\/?p=315","title":{"rendered":"Radio\u00fcbung zu Amy Winehouse wurde bittere Wahrheit"},"content":{"rendered":"<p style=\"text-align: justify;\"><a href=\"https:\/\/www.estefaniadelacasa.de\/wp-content\/uploads\/3008385349_1fb4fb123d-234x300.jpg\"><img loading=\"lazy\" decoding=\"async\" class=\"size-full wp-image-353 alignleft\" style=\"margin: 6px;\" title=\"Amy Winehouse\" src=\"https:\/\/www.estefaniadelacasa.de\/wp-content\/uploads\/3008385349_1fb4fb123d-234x300.jpg\" alt=\"\" width=\"234\" height=\"300\" \/><\/a>Anfang 2009 schrieb ich im von Andreas Feddersen geleiteten Radiokurs &#8222;On Air&#8220; eine Kolumne \u00fcber Amy Winehouse. Eben war zu erfahren, dass sie heute, am 23. Juli, tot in ihrer Londoner Wohnung aufgefunden wurde. In meinem Radiobeitrag, der zu \u00dcbungszwecken enstanden ist,\u00a0 habe ich einen thematischen Einstieg gew\u00e4hlt, der eben genau dieses zu prognostizieren scheint. Ein seltsamer Zufall, der mehr als einen dicken Klo\u00df in meinem Hals hinterl\u00e4sst.<\/p>\n<p style=\"text-align: justify;\">Aber h\u00f6rt selbst: <a href=\"https:\/\/www.estefaniadelacasa.de\/wp-content\/uploads\/Amy-Winehouse09072009.mp3\">Amy Winehouse (2009)<\/a><\/p>\n<p style=\"text-align: justify;\">Amy, R.I.P.<\/p>\n","protected":false},"excerpt":{"rendered":"<p>Anfang 2009 schrieb ich im von Andreas Feddersen geleiteten Radiokurs &#8222;On Air&#8220; eine Kolumne \u00fcber Amy Winehouse. Eben war zu erfahren, dass sie heute, am 23. Juli, tot in ihrer Londoner Wohnung aufgefunden wurde. In meinem Radiobeitrag, der zu \u00dcbungszwecken enstanden ist,\u00a0 habe ich einen thematischen Einstieg gew\u00e4hlt, der eben genau dieses zu prognostizieren scheint. [&hellip;]<\/p>\n","protected":false},"author":1,"featured_media":0,"comment_status":"open","ping_status":"open","sticky":false,"template":"","format":"standard","meta":{"footnotes":""},"categories":[4],"tags":[66,68,67,69],"class_list":["post-315","post","type-post","status-publish","format-standard","hentry","category-musik","tag-amy-winehouse","tag-kolumne","tag-on-air","tag-prognose-tod"],"_links":{"self":[{"href":"https:\/\/www.estefaniadelacasa.de\/index.php?rest_route=\/wp\/v2\/posts\/315","targetHints":{"allow":["GET"]}}],"collection":[{"href":"https:\/\/www.estefaniadelacasa.de\/index.php?rest_route=\/wp\/v2\/posts"}],"about":[{"href":"https:\/\/www.estefaniadelacasa.de\/index.php?rest_route=\/wp\/v2\/types\/post"}],"author":[{"embeddable":true,"href":"https:\/\/www.estefaniadelacasa.de\/index.php?rest_route=\/wp\/v2\/users\/1"}],"replies":[{"embeddable":true,"href":"https:\/\/www.estefaniadelacasa.de\/index.php?rest_route=%2Fwp%2Fv2%2Fcomments&post=315"}],"version-history":[{"count":11,"href":"https:\/\/www.estefaniadelacasa.de\/index.php?rest_route=\/wp\/v2\/posts\/315\/revisions"}],"predecessor-version":[{"id":352,"href":"https:\/\/www.estefaniadelacasa.de\/index.php?rest_route=\/wp\/v2\/posts\/315\/revisions\/352"}],"wp:attachment":[{"href":"https:\/\/www.estefaniadelacasa.de\/index.php?rest_route=%2Fwp%2Fv2%2Fmedia&parent=315"}],"wp:term":[{"taxonomy":"category","embeddable":true,"href":"https:\/\/www.estefaniadelacasa.de\/index.php?rest_route=%2Fwp%2Fv2%2Fcategories&post=315"},{"taxonomy":"post_tag","embeddable":true,"href":"https:\/\/www.estefaniadelacasa.de\/index.php?rest_route=%2Fwp%2Fv2%2Ftags&post=315"}],"curies":[{"name":"wp","href":"https:\/\/api.w.org\/{rel}","templated":true}]}}